{"id":33151,"date":"2025-06-17T07:17:36","date_gmt":"2025-06-17T07:17:36","guid":{"rendered":"https:\/\/staging.vegeta.com\/rs\/?p=33151"},"modified":"2025-06-18T09:57:59","modified_gmt":"2025-06-18T09:57:59","slug":"vreme-je-za-prolecnu-svezinu-na-tanjiru","status":"publish","type":"post","link":"https:\/\/vegeta.com\/rs\/vegeta-u-zapisima\/vreme-je-za-prolecnu-svezinu-na-tanjiru\/","title":{"rendered":"Vreme je za prole\u0107nu sve\u017einu na tanjiru"},"content":{"rendered":"\n<p>Nakon ne\u0161to te\u017eih zimskih obroka, spremni smo za u\u017eivanje u laganijim kombinacijama, prepunima sve\u017eeg vo\u0107a i povr\u0107a. Isto tako, vreme je da kuvanje postane br\u017ee, kreativnije i puno ukusa uz Vegeta Fine blend i Natur paste.<\/p>\n\n\n\n<h3 class=\"wp-block-heading\"><strong>Vegeta Fine blend svako jelo \u010dini posebnim<\/strong><\/h3>\n\n\n\n<p>Svi znamo da pravi ukus jela \u010desto dolazi od na oko malih sastojaka. Bez vidljivih komadi\u0107a povr\u0107a, Vegeta Fine blend je fino mlevena me\u0161avina i savr\u0161eno se stapa s tvojim omiljenim jelima, omogu\u0107uju\u0107i ravnomerno raspore\u0111en ukus u svakoj ka\u0161ici. Idealan je dodatak supama, varivima, umacima i marinadama, ali i brojnim drugim jelima.<\/p>\n\n\n\n<p>Posebno je prakti\u010dna prilikom mariniranja mesa za pe\u010denje ili pr\u017eenje, jer se komadi\u0107i povr\u0107a ne lepe za tiganj. Upravo ste tu posebnost i prakti\u010dnost prepoznali vi, na\u0161i verni potro\u0161a\u010di, jer ste Vegeta Fine blend proglasili za <strong>Odabrani proizvod godine 2025<\/strong>.<\/p>\n\n\n\n<figure class=\"wp-block-image size-large\"><img decoding=\"async\" src=\"https:\/\/cdn.vegeta.com\/cro\/2025\/03\/image-clanak-fine-blend-horizontal-1024x709.jpg\" alt=\"\" class=\"wp-image-67186\"\/><\/figure>\n\n\n\n<p>Vegeta Fine blend oboga\u0107uje svako jelo bez potrebe da se isti\u010de, tekstura se uklapa u svaki recept, osiguravaju\u0107i bogat i uravnote\u017een ukus. Bez obzira na to \u0161to priprema\u0161: brze muffine, ukusnu piletinu u za\u010dinskom pohu za ru\u010dak, bowl s mno\u0161tvom povr\u0107a ili laganu salatu za poneti na posao \u2013 Vegeta Fine Blend \u0107e dati svakom jelu poseban dodir, dok svaki recept postaje prilika za kreativnost i eksperimentisanje.<\/p>\n\n\n\n<h3 class=\"wp-block-heading\"><strong>Isprobaj ih u ova 3 lagana i jednostavna jela<\/strong><\/h3>\n\n\n\n<ul class=\"wp-block-list\">\n<li>Testenina primavera je pravo prole\u0107e na tanjiru. \u0160areno, ukusno jelo, spremno za samo 40 minuta<\/li>\n\n\n\n<li>Uvek je dobro vreme za ne\u0161to na ka\u0161iku. Paradajz i bosiljak sjajna su kombinacija, savr\u0161ena za brz, ali sit ru\u010dak u danu sa hiljadu obaveza. Isprobaj ovu ukusnu supu prvom prilikom.<\/li>\n\n\n\n<li>Kozice s limunom i belim lukom se pripremaju u jednom tiganju, a nestanu u tren oka. Najte\u017ei deo recepta je odlu\u010diti uz koju testeninu ih poslu\u017eiti.<\/li>\n<\/ul>\n\n\n\n<figure class=\"wp-block-image size-large\"><img loading=\"lazy\" decoding=\"async\" width=\"1024\" height=\"683\" src=\"https:\/\/cdn.vegeta.com\/cro\/2024\/08\/original-52-1024x683.jpeg\" alt=\"\" class=\"wp-image-27507\" srcset=\"https:\/\/cdn.vegeta.com\/cro\/2024\/08\/original-52-1024x683.jpeg 1024w, https:\/\/cdn.vegeta.com\/cro\/2024\/08\/original-52-300x200.jpeg 300w, https:\/\/cdn.vegeta.com\/cro\/2024\/08\/original-52-768x512.jpeg 768w, https:\/\/cdn.vegeta.com\/cro\/2024\/08\/original-52-1536x1024.jpeg 1536w, https:\/\/cdn.vegeta.com\/cro\/2024\/08\/original-52-2048x1365.jpeg 2048w\" sizes=\"auto, (max-width: 1024px) 100vw, 1024px\" \/><\/figure>\n\n\n\n<p>Ako \u017eeli\u0161 jo\u0161 inspiracije na dohvat ruke, zaviri u ovu knji\u017eicu koja ti donosi 15 jednostavnih recepata s detaljnim uputstvom i slikama. Otkrij kuvanje bez seckanja i nereda, koriste\u0107i Vegeta Natur paste.<\/p>\n\n\n\n<p>Nema gubljenja vremena, samo dodaj koliko \u017eeli\u0161 i u\u017eivaj u punom ukusu svojih specijaliteta.<\/p>\n\n\n\n<div style=\"height:100px\" aria-hidden=\"true\" class=\"wp-block-spacer\"><\/div>\n","protected":false},"excerpt":{"rendered":"<p>Prole\u0107e je tu, kona\u010dno! S njim nam sti\u017ee i nebrojano mnogo ideja za osve\u017eavanje na\u0161ih tanjira.<\/p>\n","protected":false},"author":4459,"featured_media":33154,"comment_status":"closed","ping_status":"open","sticky":false,"template":"","format":"standard","meta":{"_acf_changed":false,"ep_exclude_from_search":false,"footnotes":""},"categories":[26,133],"tags":[108,183],"class_list":["post-33151","post","type-post","status-publish","format-standard","has-post-thumbnail","hentry","category-saveti-i-trikovi","category-novosti","tag-trikovi","tag-saveti"],"acf":[],"yoast_head":"<!-- This site is optimized with the Yoast SEO plugin v25.1 - https:\/\/yoast.com\/wordpress\/plugins\/seo\/ -->\n<title>Vreme je za prole\u0107nu sve\u017einu na tanjiru - Vegeta<\/title>\n<meta name=\"description\" content=\"Neka kuhinja postane tvoje mjesto slobode i inspiracije. Prepusti se kuvanju, jer ti na kraju Vegeta garantuje uvek savr\u0161en ukus.\" \/>\n<meta name=\"robots\" content=\"index, follow, max-snippet:-1, max-image-preview:large, max-video-preview:-1\" \/>\n<link rel=\"canonical\" href=\"https:\/\/vegeta.com\/rs\/vegeta-u-zapisima\/vreme-je-za-prolecnu-svezinu-na-tanjiru\/\" \/>\n<meta property=\"og:locale\" content=\"sr_RS\" \/>\n<meta property=\"og:type\" content=\"article\" \/>\n<meta property=\"og:title\" content=\"Vreme je za prole\u0107nu sve\u017einu na tanjiru - Vegeta\" \/>\n<meta property=\"og:description\" content=\"Neka kuhinja postane tvoje mjesto slobode i inspiracije. Prepusti se kuvanju, jer ti na kraju Vegeta garantuje uvek savr\u0161en ukus.\" \/>\n<meta property=\"og:url\" content=\"https:\/\/vegeta.com\/rs\/vegeta-u-zapisima\/vreme-je-za-prolecnu-svezinu-na-tanjiru\/\" \/>\n<meta property=\"og:site_name\" content=\"Vegeta\" \/>\n<meta property=\"article:published_time\" content=\"2025-06-17T07:17:36+00:00\" \/>\n<meta property=\"article:modified_time\" content=\"2025-06-18T09:57:59+00:00\" \/>\n<meta property=\"og:image\" content=\"https:\/\/cdn.vegeta.com\/cro\/2025\/06\/image-clanak-proljetna-svjezina-naslovna.jpg\" \/>\n\t<meta property=\"og:image:width\" content=\"1568\" \/>\n\t<meta property=\"og:image:height\" content=\"824\" \/>\n\t<meta property=\"og:image:type\" content=\"image\/jpeg\" \/>\n<meta name=\"author\" content=\"Dragan Drljepan\" \/>\n<meta name=\"twitter:card\" content=\"summary_large_image\" \/>\n<meta name=\"twitter:label1\" content=\"Written by\" \/>\n\t<meta name=\"twitter:data1\" content=\"Dragan Drljepan\" \/>\n\t<meta name=\"twitter:label2\" content=\"Est. reading time\" \/>\n\t<meta name=\"twitter:data2\" content=\"3 minutes\" \/>\n<script type=\"application\/ld+json\" class=\"yoast-schema-graph\">{\"@context\":\"https:\/\/schema.org\",\"@graph\":[{\"@type\":\"Article\",\"@id\":\"https:\/\/vegeta.com\/rs\/vegeta-u-zapisima\/vreme-je-za-prolecnu-svezinu-na-tanjiru\/#article\",\"isPartOf\":{\"@id\":\"https:\/\/vegeta.com\/rs\/vegeta-u-zapisima\/vreme-je-za-prolecnu-svezinu-na-tanjiru\/\"},\"author\":{\"name\":\"Dragan Drljepan\",\"@id\":\"https:\/\/vegeta.com\/rs\/#\/schema\/person\/f4bac11beccae5b776c091a216215ba4\"},\"headline\":\"Vreme je za prole\u0107nu sve\u017einu na tanjiru\",\"datePublished\":\"2025-06-17T07:17:36+00:00\",\"dateModified\":\"2025-06-18T09:57:59+00:00\",\"mainEntityOfPage\":{\"@id\":\"https:\/\/vegeta.com\/rs\/vegeta-u-zapisima\/vreme-je-za-prolecnu-svezinu-na-tanjiru\/\"},\"wordCount\":376,\"publisher\":{\"@id\":\"https:\/\/vegeta.com\/rs\/#organization\"},\"image\":{\"@id\":\"https:\/\/vegeta.com\/rs\/vegeta-u-zapisima\/vreme-je-za-prolecnu-svezinu-na-tanjiru\/#primaryimage\"},\"thumbnailUrl\":\"https:\/\/cdn.vegeta.com\/cro\/2025\/06\/image-clanak-proljetna-svjezina-naslovna.jpg\",\"keywords\":[\"trikovi\",\"saveti\"],\"articleSection\":[\"Saveti i trikovi\",\"Novosti\"],\"inLanguage\":\"sr-RS\"},{\"@type\":\"WebPage\",\"@id\":\"https:\/\/vegeta.com\/rs\/vegeta-u-zapisima\/vreme-je-za-prolecnu-svezinu-na-tanjiru\/\",\"url\":\"https:\/\/vegeta.com\/rs\/vegeta-u-zapisima\/vreme-je-za-prolecnu-svezinu-na-tanjiru\/\",\"name\":\"Vreme je za prole\u0107nu sve\u017einu na tanjiru - Vegeta\",\"isPartOf\":{\"@id\":\"https:\/\/vegeta.com\/rs\/#website\"},\"primaryImageOfPage\":{\"@id\":\"https:\/\/vegeta.com\/rs\/vegeta-u-zapisima\/vreme-je-za-prolecnu-svezinu-na-tanjiru\/#primaryimage\"},\"image\":{\"@id\":\"https:\/\/vegeta.com\/rs\/vegeta-u-zapisima\/vreme-je-za-prolecnu-svezinu-na-tanjiru\/#primaryimage\"},\"thumbnailUrl\":\"https:\/\/cdn.vegeta.com\/cro\/2025\/06\/image-clanak-proljetna-svjezina-naslovna.jpg\",\"datePublished\":\"2025-06-17T07:17:36+00:00\",\"dateModified\":\"2025-06-18T09:57:59+00:00\",\"description\":\"Neka kuhinja postane tvoje mjesto slobode i inspiracije. Prepusti se kuvanju, jer ti na kraju Vegeta garantuje uvek savr\u0161en ukus.\",\"breadcrumb\":{\"@id\":\"https:\/\/vegeta.com\/rs\/vegeta-u-zapisima\/vreme-je-za-prolecnu-svezinu-na-tanjiru\/#breadcrumb\"},\"inLanguage\":\"sr-RS\",\"potentialAction\":[{\"@type\":\"ReadAction\",\"target\":[\"https:\/\/vegeta.com\/rs\/vegeta-u-zapisima\/vreme-je-za-prolecnu-svezinu-na-tanjiru\/\"]}]},{\"@type\":\"ImageObject\",\"inLanguage\":\"sr-RS\",\"@id\":\"https:\/\/vegeta.com\/rs\/vegeta-u-zapisima\/vreme-je-za-prolecnu-svezinu-na-tanjiru\/#primaryimage\",\"url\":\"https:\/\/cdn.vegeta.com\/cro\/2025\/06\/image-clanak-proljetna-svjezina-naslovna.jpg\",\"contentUrl\":\"https:\/\/cdn.vegeta.com\/cro\/2025\/06\/image-clanak-proljetna-svjezina-naslovna.jpg\",\"width\":1568,\"height\":824},{\"@type\":\"BreadcrumbList\",\"@id\":\"https:\/\/vegeta.com\/rs\/vegeta-u-zapisima\/vreme-je-za-prolecnu-svezinu-na-tanjiru\/#breadcrumb\",\"itemListElement\":[{\"@type\":\"ListItem\",\"position\":1,\"name\":\"Home\",\"item\":\"https:\/\/vegeta.com\/rs\/\"},{\"@type\":\"ListItem\",\"position\":2,\"name\":\"Vreme je za prole\u0107nu sve\u017einu na tanjiru\"}]},{\"@type\":\"WebSite\",\"@id\":\"https:\/\/vegeta.com\/rs\/#website\",\"url\":\"https:\/\/vegeta.com\/rs\/\",\"name\":\"Vegeta\",\"description\":\"\",\"publisher\":{\"@id\":\"https:\/\/vegeta.com\/rs\/#organization\"},\"potentialAction\":[{\"@type\":\"SearchAction\",\"target\":{\"@type\":\"EntryPoint\",\"urlTemplate\":\"https:\/\/vegeta.com\/rs\/?s={search_term_string}\"},\"query-input\":{\"@type\":\"PropertyValueSpecification\",\"valueRequired\":true,\"valueName\":\"search_term_string\"}}],\"inLanguage\":\"sr-RS\"},{\"@type\":\"Organization\",\"@id\":\"https:\/\/vegeta.com\/rs\/#organization\",\"name\":\"Vegeta\",\"url\":\"https:\/\/vegeta.com\/rs\/\",\"logo\":{\"@type\":\"ImageObject\",\"inLanguage\":\"sr-RS\",\"@id\":\"https:\/\/vegeta.com\/rs\/#\/schema\/logo\/image\/\",\"url\":\"https:\/\/cdn.vegeta.com\/cro\/2023\/09\/image-vegeta-app-1024.png\",\"contentUrl\":\"https:\/\/cdn.vegeta.com\/cro\/2023\/09\/image-vegeta-app-1024.png\",\"width\":946,\"height\":944,\"caption\":\"Vegeta\"},\"image\":{\"@id\":\"https:\/\/vegeta.com\/rs\/#\/schema\/logo\/image\/\"}},{\"@type\":\"Person\",\"@id\":\"https:\/\/vegeta.com\/rs\/#\/schema\/person\/f4bac11beccae5b776c091a216215ba4\",\"name\":\"Dragan Drljepan\",\"image\":{\"@type\":\"ImageObject\",\"inLanguage\":\"sr-RS\",\"@id\":\"https:\/\/vegeta.com\/rs\/#\/schema\/person\/image\/\",\"url\":\"https:\/\/secure.gravatar.com\/avatar\/f3689c0863247deeb65fa88352ee919f9af2b5dbc8929da6fcab07ffcebee4ca?s=96&d=mm&r=g\",\"contentUrl\":\"https:\/\/secure.gravatar.com\/avatar\/f3689c0863247deeb65fa88352ee919f9af2b5dbc8929da6fcab07ffcebee4ca?s=96&d=mm&r=g\",\"caption\":\"Dragan Drljepan\"},\"url\":\"https:\/\/vegeta.com\/rs\/vegeta-u-zapisima\/author\/dragan\/\"}]}<\/script>\n<!-- \/ Yoast SEO plugin. -->","yoast_head_json":{"title":"Vreme je za prole\u0107nu sve\u017einu na tanjiru - Vegeta","description":"Neka kuhinja postane tvoje mjesto slobode i inspiracije. Prepusti se kuvanju, jer ti na kraju Vegeta garantuje uvek savr\u0161en ukus.","robots":{"index":"index","follow":"follow","max-snippet":"max-snippet:-1","max-image-preview":"max-image-preview:large","max-video-preview":"max-video-preview:-1"},"canonical":"https:\/\/vegeta.com\/rs\/vegeta-u-zapisima\/vreme-je-za-prolecnu-svezinu-na-tanjiru\/","og_locale":"sr_RS","og_type":"article","og_title":"Vreme je za prole\u0107nu sve\u017einu na tanjiru - Vegeta","og_description":"Neka kuhinja postane tvoje mjesto slobode i inspiracije. Prepusti se kuvanju, jer ti na kraju Vegeta garantuje uvek savr\u0161en ukus.","og_url":"https:\/\/vegeta.com\/rs\/vegeta-u-zapisima\/vreme-je-za-prolecnu-svezinu-na-tanjiru\/","og_site_name":"Vegeta","article_published_time":"2025-06-17T07:17:36+00:00","article_modified_time":"2025-06-18T09:57:59+00:00","og_image":[{"width":1568,"height":824,"url":"https:\/\/cdn.vegeta.com\/cro\/2025\/06\/image-clanak-proljetna-svjezina-naslovna.jpg","type":"image\/jpeg"}],"author":"Dragan Drljepan","twitter_card":"summary_large_image","twitter_misc":{"Written by":"Dragan Drljepan","Est. reading time":"3 minutes"},"schema":{"@context":"https:\/\/schema.org","@graph":[{"@type":"Article","@id":"https:\/\/vegeta.com\/rs\/vegeta-u-zapisima\/vreme-je-za-prolecnu-svezinu-na-tanjiru\/#article","isPartOf":{"@id":"https:\/\/vegeta.com\/rs\/vegeta-u-zapisima\/vreme-je-za-prolecnu-svezinu-na-tanjiru\/"},"author":{"name":"Dragan Drljepan","@id":"https:\/\/vegeta.com\/rs\/#\/schema\/person\/f4bac11beccae5b776c091a216215ba4"},"headline":"Vreme je za prole\u0107nu sve\u017einu na tanjiru","datePublished":"2025-06-17T07:17:36+00:00","dateModified":"2025-06-18T09:57:59+00:00","mainEntityOfPage":{"@id":"https:\/\/vegeta.com\/rs\/vegeta-u-zapisima\/vreme-je-za-prolecnu-svezinu-na-tanjiru\/"},"wordCount":376,"publisher":{"@id":"https:\/\/vegeta.com\/rs\/#organization"},"image":{"@id":"https:\/\/vegeta.com\/rs\/vegeta-u-zapisima\/vreme-je-za-prolecnu-svezinu-na-tanjiru\/#primaryimage"},"thumbnailUrl":"https:\/\/cdn.vegeta.com\/cro\/2025\/06\/image-clanak-proljetna-svjezina-naslovna.jpg","keywords":["trikovi","saveti"],"articleSection":["Saveti i trikovi","Novosti"],"inLanguage":"sr-RS"},{"@type":"WebPage","@id":"https:\/\/vegeta.com\/rs\/vegeta-u-zapisima\/vreme-je-za-prolecnu-svezinu-na-tanjiru\/","url":"https:\/\/vegeta.com\/rs\/vegeta-u-zapisima\/vreme-je-za-prolecnu-svezinu-na-tanjiru\/","name":"Vreme je za prole\u0107nu sve\u017einu na tanjiru - Vegeta","isPartOf":{"@id":"https:\/\/vegeta.com\/rs\/#website"},"primaryImageOfPage":{"@id":"https:\/\/vegeta.com\/rs\/vegeta-u-zapisima\/vreme-je-za-prolecnu-svezinu-na-tanjiru\/#primaryimage"},"image":{"@id":"https:\/\/vegeta.com\/rs\/vegeta-u-zapisima\/vreme-je-za-prolecnu-svezinu-na-tanjiru\/#primaryimage"},"thumbnailUrl":"https:\/\/cdn.vegeta.com\/cro\/2025\/06\/image-clanak-proljetna-svjezina-naslovna.jpg","datePublished":"2025-06-17T07:17:36+00:00","dateModified":"2025-06-18T09:57:59+00:00","description":"Neka kuhinja postane tvoje mjesto slobode i inspiracije. Prepusti se kuvanju, jer ti na kraju Vegeta garantuje uvek savr\u0161en ukus.","breadcrumb":{"@id":"https:\/\/vegeta.com\/rs\/vegeta-u-zapisima\/vreme-je-za-prolecnu-svezinu-na-tanjiru\/#breadcrumb"},"inLanguage":"sr-RS","potentialAction":[{"@type":"ReadAction","target":["https:\/\/vegeta.com\/rs\/vegeta-u-zapisima\/vreme-je-za-prolecnu-svezinu-na-tanjiru\/"]}]},{"@type":"ImageObject","inLanguage":"sr-RS","@id":"https:\/\/vegeta.com\/rs\/vegeta-u-zapisima\/vreme-je-za-prolecnu-svezinu-na-tanjiru\/#primaryimage","url":"https:\/\/cdn.vegeta.com\/cro\/2025\/06\/image-clanak-proljetna-svjezina-naslovna.jpg","contentUrl":"https:\/\/cdn.vegeta.com\/cro\/2025\/06\/image-clanak-proljetna-svjezina-naslovna.jpg","width":1568,"height":824},{"@type":"BreadcrumbList","@id":"https:\/\/vegeta.com\/rs\/vegeta-u-zapisima\/vreme-je-za-prolecnu-svezinu-na-tanjiru\/#breadcrumb","itemListElement":[{"@type":"ListItem","position":1,"name":"Home","item":"https:\/\/vegeta.com\/rs\/"},{"@type":"ListItem","position":2,"name":"Vreme je za prole\u0107nu sve\u017einu na tanjiru"}]},{"@type":"WebSite","@id":"https:\/\/vegeta.com\/rs\/#website","url":"https:\/\/vegeta.com\/rs\/","name":"Vegeta","description":"","publisher":{"@id":"https:\/\/vegeta.com\/rs\/#organization"},"potentialAction":[{"@type":"SearchAction","target":{"@type":"EntryPoint","urlTemplate":"https:\/\/vegeta.com\/rs\/?s={search_term_string}"},"query-input":{"@type":"PropertyValueSpecification","valueRequired":true,"valueName":"search_term_string"}}],"inLanguage":"sr-RS"},{"@type":"Organization","@id":"https:\/\/vegeta.com\/rs\/#organization","name":"Vegeta","url":"https:\/\/vegeta.com\/rs\/","logo":{"@type":"ImageObject","inLanguage":"sr-RS","@id":"https:\/\/vegeta.com\/rs\/#\/schema\/logo\/image\/","url":"https:\/\/cdn.vegeta.com\/cro\/2023\/09\/image-vegeta-app-1024.png","contentUrl":"https:\/\/cdn.vegeta.com\/cro\/2023\/09\/image-vegeta-app-1024.png","width":946,"height":944,"caption":"Vegeta"},"image":{"@id":"https:\/\/vegeta.com\/rs\/#\/schema\/logo\/image\/"}},{"@type":"Person","@id":"https:\/\/vegeta.com\/rs\/#\/schema\/person\/f4bac11beccae5b776c091a216215ba4","name":"Dragan Drljepan","image":{"@type":"ImageObject","inLanguage":"sr-RS","@id":"https:\/\/vegeta.com\/rs\/#\/schema\/person\/image\/","url":"https:\/\/secure.gravatar.com\/avatar\/f3689c0863247deeb65fa88352ee919f9af2b5dbc8929da6fcab07ffcebee4ca?s=96&d=mm&r=g","contentUrl":"https:\/\/secure.gravatar.com\/avatar\/f3689c0863247deeb65fa88352ee919f9af2b5dbc8929da6fcab07ffcebee4ca?s=96&d=mm&r=g","caption":"Dragan Drljepan"},"url":"https:\/\/vegeta.com\/rs\/vegeta-u-zapisima\/author\/dragan\/"}]}},"_links":{"self":[{"href":"https:\/\/vegeta.com\/rs\/wp-json\/wp\/v2\/posts\/33151","targetHints":{"allow":["GET"]}}],"collection":[{"href":"https:\/\/vegeta.com\/rs\/wp-json\/wp\/v2\/posts"}],"about":[{"href":"https:\/\/vegeta.com\/rs\/wp-json\/wp\/v2\/types\/post"}],"author":[{"embeddable":true,"href":"https:\/\/vegeta.com\/rs\/wp-json\/wp\/v2\/users\/4459"}],"replies":[{"embeddable":true,"href":"https:\/\/vegeta.com\/rs\/wp-json\/wp\/v2\/comments?post=33151"}],"version-history":[{"count":4,"href":"https:\/\/vegeta.com\/rs\/wp-json\/wp\/v2\/posts\/33151\/revisions"}],"predecessor-version":[{"id":33334,"href":"https:\/\/vegeta.com\/rs\/wp-json\/wp\/v2\/posts\/33151\/revisions\/33334"}],"wp:featuredmedia":[{"embeddable":true,"href":"https:\/\/vegeta.com\/rs\/wp-json\/wp\/v2\/media\/33154"}],"wp:attachment":[{"href":"https:\/\/vegeta.com\/rs\/wp-json\/wp\/v2\/media?parent=33151"}],"wp:term":[{"taxonomy":"category","embeddable":true,"href":"https:\/\/vegeta.com\/rs\/wp-json\/wp\/v2\/categories?post=33151"},{"taxonomy":"post_tag","embeddable":true,"href":"https:\/\/vegeta.com\/rs\/wp-json\/wp\/v2\/tags?post=33151"}],"curies":[{"name":"wp","href":"https:\/\/api.w.org\/{rel}","templated":true}]}}