{"id":6758,"date":"2025-07-15T11:39:32","date_gmt":"2025-07-15T11:39:32","guid":{"rendered":"https:\/\/vegeta.com\/de\/?p=6758"},"modified":"2025-07-15T11:39:35","modified_gmt":"2025-07-15T11:39:35","slug":"vegeta-unter-den-staerksten-marken-in-deutschland","status":"publish","type":"post","link":"https:\/\/vegeta.com\/de\/vegeta-in-aufzeichnungen\/vegeta-unter-den-staerksten-marken-in-deutschland\/","title":{"rendered":"Vegeta unter den st\u00e4rksten Marken in Deutschland"},"content":{"rendered":"\n<p>Vegeta wurde als Top-Marke 2025 ausgezeichnet \u2013 eine der renommiertesten Marken-Auszeichnungen in Deutschland, vergeben vom spezialisierten Portal Lebensmittel Zeitung. Im Wettbewerb mit \u00fcber 5.000 Marken erreichte Vegeta die Spitzenposition in der Kategorie Gew\u00fcrze.<\/p>\n\n\n\n<p><br>Die Auszeichnung basiert auf einer unabh\u00e4ngigen Verbraucherstudie, durchgef\u00fchrt vom Institut YouGov CP Germany GmbH, spezialisiert auf Online-Marktforschung und Datenanalyse, mit einer Stichprobe von 30.000 Haushalten in Deutschland. Ber\u00fccksichtigt werden messbare Kennzahlen \u2013 Kundenwachstum, Marktanteilssteigerung und kontinuierliche Marktpr\u00e4senz.<\/p>\n\n\n\n<p><br>Der Status Top-Marke wird Marken verliehen, die die besten Verkaufsergebnisse erzielen und eine hohe Kundentreue genie\u00dfen, wodurch die Markenst\u00e4rke in einem \u00e4u\u00dferst wettbewerbsintensiven Umfeld best\u00e4tigt wird. Mit dieser Auszeichnung wird die Relevanz und Position von Vegeta auf einem der wichtigsten europ\u00e4ischen M\u00e4rkte zus\u00e4tzlich best\u00e4tigt.<\/p>\n\n\n\n<p><br>\u201eSolche Auszeichnungen sind besonders wertvoll, weil sie direkt vom Markt und den Verbrauchern kommen. Vegeta ist eine starke Marke mit reichem Erbe und globalem Potenzial, und solche Ergebnisse in Deutschland zeigen, dass unsere Arbeit anerkannt wird. An diesem Erfolg ruhen wir uns nicht aus. Unser Weg ist herausfordernd, und wir entwickeln Vegeta weiterhin im Einklang mit den Erwartungen moderner Verbraucher weltweit\u201c, sagte Krunoslav Be\u0161vir, Gesch\u00e4ftsf\u00fchrer Business Programme bei Podravka.<\/p>\n\n\n\n<p><br>Das Vertrauen der Verbraucher in Vegeta wird mit dieser Auszeichnung erneut best\u00e4tigt \u2013 was einen zus\u00e4tzlichen Antrieb f\u00fcr die weitere Entwicklung und St\u00e4rkung der Marke gibt.<\/p>\n","protected":false},"excerpt":{"rendered":"<p>Vegeta wurde als Top-Marke 2025 ausgezeichnet!<\/p>\n","protected":false},"author":3054,"featured_media":6759,"comment_status":"closed","ping_status":"open","sticky":false,"template":"","format":"standard","meta":{"_acf_changed":false,"ep_exclude_from_search":false,"footnotes":""},"categories":[155],"tags":[],"class_list":["post-6758","post","type-post","status-publish","format-standard","has-post-thumbnail","hentry","category-neuigkeiten"],"acf":[],"yoast_head":"<!-- This site is optimized with the Yoast SEO plugin v25.1 - https:\/\/yoast.com\/wordpress\/plugins\/seo\/ -->\n<title>Vegeta unter den st\u00e4rksten Marken in Deutschland - Vegeta<\/title>\n<meta name=\"robots\" content=\"index, follow, max-snippet:-1, max-image-preview:large, max-video-preview:-1\" \/>\n<link rel=\"canonical\" href=\"https:\/\/vegeta.com\/de\/vegeta-in-aufzeichnungen\/vegeta-unter-den-staerksten-marken-in-deutschland\/\" \/>\n<meta property=\"og:locale\" content=\"de_DE\" \/>\n<meta property=\"og:type\" content=\"article\" \/>\n<meta property=\"og:title\" content=\"Vegeta unter den st\u00e4rksten Marken in Deutschland - Vegeta\" \/>\n<meta property=\"og:description\" content=\"Vegeta wurde als Top-Marke 2025 ausgezeichnet!\" \/>\n<meta property=\"og:url\" content=\"https:\/\/vegeta.com\/de\/vegeta-in-aufzeichnungen\/vegeta-unter-den-staerksten-marken-in-deutschland\/\" \/>\n<meta property=\"og:site_name\" content=\"Vegeta\" \/>\n<meta property=\"article:published_time\" content=\"2025-07-15T11:39:32+00:00\" \/>\n<meta property=\"article:modified_time\" content=\"2025-07-15T11:39:35+00:00\" \/>\n<meta property=\"og:image\" content=\"https:\/\/cdn.vegeta.com\/ger\/2025\/07\/cover_image_vegeta_starksten_marken_in_deutschland_1.webp\" \/>\n\t<meta property=\"og:image:width\" content=\"1568\" \/>\n\t<meta property=\"og:image:height\" content=\"824\" \/>\n\t<meta property=\"og:image:type\" content=\"image\/webp\" \/>\n<meta name=\"author\" content=\"Dragan Drljepan\" \/>\n<meta name=\"twitter:card\" content=\"summary_large_image\" \/>\n<meta name=\"twitter:label1\" content=\"Written by\" \/>\n\t<meta name=\"twitter:data1\" content=\"Dragan Drljepan\" \/>\n\t<meta name=\"twitter:label2\" content=\"Est. reading time\" \/>\n\t<meta name=\"twitter:data2\" content=\"2 minutes\" \/>\n<script type=\"application\/ld+json\" class=\"yoast-schema-graph\">{\"@context\":\"https:\/\/schema.org\",\"@graph\":[{\"@type\":\"Article\",\"@id\":\"https:\/\/vegeta.com\/de\/vegeta-in-aufzeichnungen\/vegeta-unter-den-staerksten-marken-in-deutschland\/#article\",\"isPartOf\":{\"@id\":\"https:\/\/vegeta.com\/de\/vegeta-in-aufzeichnungen\/vegeta-unter-den-staerksten-marken-in-deutschland\/\"},\"author\":{\"name\":\"Dragan Drljepan\",\"@id\":\"https:\/\/vegeta.com\/de\/#\/schema\/person\/261922383f41cac802e116b7bf5cee3f\"},\"headline\":\"Vegeta unter den st\u00e4rksten Marken in Deutschland\",\"datePublished\":\"2025-07-15T11:39:32+00:00\",\"dateModified\":\"2025-07-15T11:39:35+00:00\",\"mainEntityOfPage\":{\"@id\":\"https:\/\/vegeta.com\/de\/vegeta-in-aufzeichnungen\/vegeta-unter-den-staerksten-marken-in-deutschland\/\"},\"wordCount\":231,\"publisher\":{\"@id\":\"https:\/\/vegeta.com\/de\/#organization\"},\"image\":{\"@id\":\"https:\/\/vegeta.com\/de\/vegeta-in-aufzeichnungen\/vegeta-unter-den-staerksten-marken-in-deutschland\/#primaryimage\"},\"thumbnailUrl\":\"https:\/\/cdn.vegeta.com\/ger\/2025\/07\/cover_image_vegeta_starksten_marken_in_deutschland_1.webp\",\"articleSection\":[\"Neuigkeiten\"],\"inLanguage\":\"de-DE\"},{\"@type\":\"WebPage\",\"@id\":\"https:\/\/vegeta.com\/de\/vegeta-in-aufzeichnungen\/vegeta-unter-den-staerksten-marken-in-deutschland\/\",\"url\":\"https:\/\/vegeta.com\/de\/vegeta-in-aufzeichnungen\/vegeta-unter-den-staerksten-marken-in-deutschland\/\",\"name\":\"Vegeta unter den st\u00e4rksten Marken in Deutschland - Vegeta\",\"isPartOf\":{\"@id\":\"https:\/\/vegeta.com\/de\/#website\"},\"primaryImageOfPage\":{\"@id\":\"https:\/\/vegeta.com\/de\/vegeta-in-aufzeichnungen\/vegeta-unter-den-staerksten-marken-in-deutschland\/#primaryimage\"},\"image\":{\"@id\":\"https:\/\/vegeta.com\/de\/vegeta-in-aufzeichnungen\/vegeta-unter-den-staerksten-marken-in-deutschland\/#primaryimage\"},\"thumbnailUrl\":\"https:\/\/cdn.vegeta.com\/ger\/2025\/07\/cover_image_vegeta_starksten_marken_in_deutschland_1.webp\",\"datePublished\":\"2025-07-15T11:39:32+00:00\",\"dateModified\":\"2025-07-15T11:39:35+00:00\",\"breadcrumb\":{\"@id\":\"https:\/\/vegeta.com\/de\/vegeta-in-aufzeichnungen\/vegeta-unter-den-staerksten-marken-in-deutschland\/#breadcrumb\"},\"inLanguage\":\"de-DE\",\"potentialAction\":[{\"@type\":\"ReadAction\",\"target\":[\"https:\/\/vegeta.com\/de\/vegeta-in-aufzeichnungen\/vegeta-unter-den-staerksten-marken-in-deutschland\/\"]}]},{\"@type\":\"ImageObject\",\"inLanguage\":\"de-DE\",\"@id\":\"https:\/\/vegeta.com\/de\/vegeta-in-aufzeichnungen\/vegeta-unter-den-staerksten-marken-in-deutschland\/#primaryimage\",\"url\":\"https:\/\/cdn.vegeta.com\/ger\/2025\/07\/cover_image_vegeta_starksten_marken_in_deutschland_1.webp\",\"contentUrl\":\"https:\/\/cdn.vegeta.com\/ger\/2025\/07\/cover_image_vegeta_starksten_marken_in_deutschland_1.webp\",\"width\":1568,\"height\":824},{\"@type\":\"BreadcrumbList\",\"@id\":\"https:\/\/vegeta.com\/de\/vegeta-in-aufzeichnungen\/vegeta-unter-den-staerksten-marken-in-deutschland\/#breadcrumb\",\"itemListElement\":[{\"@type\":\"ListItem\",\"position\":1,\"name\":\"Home\",\"item\":\"https:\/\/vegeta.com\/de\/\"},{\"@type\":\"ListItem\",\"position\":2,\"name\":\"Vegeta unter den st\u00e4rksten Marken in Deutschland\"}]},{\"@type\":\"WebSite\",\"@id\":\"https:\/\/vegeta.com\/de\/#website\",\"url\":\"https:\/\/vegeta.com\/de\/\",\"name\":\"Vegeta\",\"description\":\"\",\"publisher\":{\"@id\":\"https:\/\/vegeta.com\/de\/#organization\"},\"potentialAction\":[{\"@type\":\"SearchAction\",\"target\":{\"@type\":\"EntryPoint\",\"urlTemplate\":\"https:\/\/vegeta.com\/de\/?s={search_term_string}\"},\"query-input\":{\"@type\":\"PropertyValueSpecification\",\"valueRequired\":true,\"valueName\":\"search_term_string\"}}],\"inLanguage\":\"de-DE\"},{\"@type\":\"Organization\",\"@id\":\"https:\/\/vegeta.com\/de\/#organization\",\"name\":\"Vegeta\",\"url\":\"https:\/\/vegeta.com\/de\/\",\"logo\":{\"@type\":\"ImageObject\",\"inLanguage\":\"de-DE\",\"@id\":\"https:\/\/vegeta.com\/de\/#\/schema\/logo\/image\/\",\"url\":\"https:\/\/cdn.vegeta.com\/ger\/2025\/03\/vegeta-kuhanje-je-strasno-general-social-share-de-2.png\",\"contentUrl\":\"https:\/\/cdn.vegeta.com\/ger\/2025\/03\/vegeta-kuhanje-je-strasno-general-social-share-de-2.png\",\"width\":1200,\"height\":630,\"caption\":\"Vegeta\"},\"image\":{\"@id\":\"https:\/\/vegeta.com\/de\/#\/schema\/logo\/image\/\"}},{\"@type\":\"Person\",\"@id\":\"https:\/\/vegeta.com\/de\/#\/schema\/person\/261922383f41cac802e116b7bf5cee3f\",\"name\":\"Dragan Drljepan\",\"image\":{\"@type\":\"ImageObject\",\"inLanguage\":\"de-DE\",\"@id\":\"https:\/\/vegeta.com\/de\/#\/schema\/person\/image\/\",\"url\":\"https:\/\/secure.gravatar.com\/avatar\/f3689c0863247deeb65fa88352ee919f9af2b5dbc8929da6fcab07ffcebee4ca?s=96&d=mm&r=g\",\"contentUrl\":\"https:\/\/secure.gravatar.com\/avatar\/f3689c0863247deeb65fa88352ee919f9af2b5dbc8929da6fcab07ffcebee4ca?s=96&d=mm&r=g\",\"caption\":\"Dragan Drljepan\"},\"url\":\"https:\/\/vegeta.com\/de\/vegeta-in-aufzeichnungen\/author\/dragan\/\"}]}<\/script>\n<!-- \/ Yoast SEO plugin. -->","yoast_head_json":{"title":"Vegeta unter den st\u00e4rksten Marken in Deutschland - Vegeta","robots":{"index":"index","follow":"follow","max-snippet":"max-snippet:-1","max-image-preview":"max-image-preview:large","max-video-preview":"max-video-preview:-1"},"canonical":"https:\/\/vegeta.com\/de\/vegeta-in-aufzeichnungen\/vegeta-unter-den-staerksten-marken-in-deutschland\/","og_locale":"de_DE","og_type":"article","og_title":"Vegeta unter den st\u00e4rksten Marken in Deutschland - Vegeta","og_description":"Vegeta wurde als Top-Marke 2025 ausgezeichnet!","og_url":"https:\/\/vegeta.com\/de\/vegeta-in-aufzeichnungen\/vegeta-unter-den-staerksten-marken-in-deutschland\/","og_site_name":"Vegeta","article_published_time":"2025-07-15T11:39:32+00:00","article_modified_time":"2025-07-15T11:39:35+00:00","og_image":[{"width":1568,"height":824,"url":"https:\/\/cdn.vegeta.com\/ger\/2025\/07\/cover_image_vegeta_starksten_marken_in_deutschland_1.webp","type":"image\/webp"}],"author":"Dragan Drljepan","twitter_card":"summary_large_image","twitter_misc":{"Written by":"Dragan Drljepan","Est. reading time":"2 minutes"},"schema":{"@context":"https:\/\/schema.org","@graph":[{"@type":"Article","@id":"https:\/\/vegeta.com\/de\/vegeta-in-aufzeichnungen\/vegeta-unter-den-staerksten-marken-in-deutschland\/#article","isPartOf":{"@id":"https:\/\/vegeta.com\/de\/vegeta-in-aufzeichnungen\/vegeta-unter-den-staerksten-marken-in-deutschland\/"},"author":{"name":"Dragan Drljepan","@id":"https:\/\/vegeta.com\/de\/#\/schema\/person\/261922383f41cac802e116b7bf5cee3f"},"headline":"Vegeta unter den st\u00e4rksten Marken in Deutschland","datePublished":"2025-07-15T11:39:32+00:00","dateModified":"2025-07-15T11:39:35+00:00","mainEntityOfPage":{"@id":"https:\/\/vegeta.com\/de\/vegeta-in-aufzeichnungen\/vegeta-unter-den-staerksten-marken-in-deutschland\/"},"wordCount":231,"publisher":{"@id":"https:\/\/vegeta.com\/de\/#organization"},"image":{"@id":"https:\/\/vegeta.com\/de\/vegeta-in-aufzeichnungen\/vegeta-unter-den-staerksten-marken-in-deutschland\/#primaryimage"},"thumbnailUrl":"https:\/\/cdn.vegeta.com\/ger\/2025\/07\/cover_image_vegeta_starksten_marken_in_deutschland_1.webp","articleSection":["Neuigkeiten"],"inLanguage":"de-DE"},{"@type":"WebPage","@id":"https:\/\/vegeta.com\/de\/vegeta-in-aufzeichnungen\/vegeta-unter-den-staerksten-marken-in-deutschland\/","url":"https:\/\/vegeta.com\/de\/vegeta-in-aufzeichnungen\/vegeta-unter-den-staerksten-marken-in-deutschland\/","name":"Vegeta unter den st\u00e4rksten Marken in Deutschland - Vegeta","isPartOf":{"@id":"https:\/\/vegeta.com\/de\/#website"},"primaryImageOfPage":{"@id":"https:\/\/vegeta.com\/de\/vegeta-in-aufzeichnungen\/vegeta-unter-den-staerksten-marken-in-deutschland\/#primaryimage"},"image":{"@id":"https:\/\/vegeta.com\/de\/vegeta-in-aufzeichnungen\/vegeta-unter-den-staerksten-marken-in-deutschland\/#primaryimage"},"thumbnailUrl":"https:\/\/cdn.vegeta.com\/ger\/2025\/07\/cover_image_vegeta_starksten_marken_in_deutschland_1.webp","datePublished":"2025-07-15T11:39:32+00:00","dateModified":"2025-07-15T11:39:35+00:00","breadcrumb":{"@id":"https:\/\/vegeta.com\/de\/vegeta-in-aufzeichnungen\/vegeta-unter-den-staerksten-marken-in-deutschland\/#breadcrumb"},"inLanguage":"de-DE","potentialAction":[{"@type":"ReadAction","target":["https:\/\/vegeta.com\/de\/vegeta-in-aufzeichnungen\/vegeta-unter-den-staerksten-marken-in-deutschland\/"]}]},{"@type":"ImageObject","inLanguage":"de-DE","@id":"https:\/\/vegeta.com\/de\/vegeta-in-aufzeichnungen\/vegeta-unter-den-staerksten-marken-in-deutschland\/#primaryimage","url":"https:\/\/cdn.vegeta.com\/ger\/2025\/07\/cover_image_vegeta_starksten_marken_in_deutschland_1.webp","contentUrl":"https:\/\/cdn.vegeta.com\/ger\/2025\/07\/cover_image_vegeta_starksten_marken_in_deutschland_1.webp","width":1568,"height":824},{"@type":"BreadcrumbList","@id":"https:\/\/vegeta.com\/de\/vegeta-in-aufzeichnungen\/vegeta-unter-den-staerksten-marken-in-deutschland\/#breadcrumb","itemListElement":[{"@type":"ListItem","position":1,"name":"Home","item":"https:\/\/vegeta.com\/de\/"},{"@type":"ListItem","position":2,"name":"Vegeta unter den st\u00e4rksten Marken in Deutschland"}]},{"@type":"WebSite","@id":"https:\/\/vegeta.com\/de\/#website","url":"https:\/\/vegeta.com\/de\/","name":"Vegeta","description":"","publisher":{"@id":"https:\/\/vegeta.com\/de\/#organization"},"potentialAction":[{"@type":"SearchAction","target":{"@type":"EntryPoint","urlTemplate":"https:\/\/vegeta.com\/de\/?s={search_term_string}"},"query-input":{"@type":"PropertyValueSpecification","valueRequired":true,"valueName":"search_term_string"}}],"inLanguage":"de-DE"},{"@type":"Organization","@id":"https:\/\/vegeta.com\/de\/#organization","name":"Vegeta","url":"https:\/\/vegeta.com\/de\/","logo":{"@type":"ImageObject","inLanguage":"de-DE","@id":"https:\/\/vegeta.com\/de\/#\/schema\/logo\/image\/","url":"https:\/\/cdn.vegeta.com\/ger\/2025\/03\/vegeta-kuhanje-je-strasno-general-social-share-de-2.png","contentUrl":"https:\/\/cdn.vegeta.com\/ger\/2025\/03\/vegeta-kuhanje-je-strasno-general-social-share-de-2.png","width":1200,"height":630,"caption":"Vegeta"},"image":{"@id":"https:\/\/vegeta.com\/de\/#\/schema\/logo\/image\/"}},{"@type":"Person","@id":"https:\/\/vegeta.com\/de\/#\/schema\/person\/261922383f41cac802e116b7bf5cee3f","name":"Dragan Drljepan","image":{"@type":"ImageObject","inLanguage":"de-DE","@id":"https:\/\/vegeta.com\/de\/#\/schema\/person\/image\/","url":"https:\/\/secure.gravatar.com\/avatar\/f3689c0863247deeb65fa88352ee919f9af2b5dbc8929da6fcab07ffcebee4ca?s=96&d=mm&r=g","contentUrl":"https:\/\/secure.gravatar.com\/avatar\/f3689c0863247deeb65fa88352ee919f9af2b5dbc8929da6fcab07ffcebee4ca?s=96&d=mm&r=g","caption":"Dragan Drljepan"},"url":"https:\/\/vegeta.com\/de\/vegeta-in-aufzeichnungen\/author\/dragan\/"}]}},"_links":{"self":[{"href":"https:\/\/vegeta.com\/de\/wp-json\/wp\/v2\/posts\/6758","targetHints":{"allow":["GET"]}}],"collection":[{"href":"https:\/\/vegeta.com\/de\/wp-json\/wp\/v2\/posts"}],"about":[{"href":"https:\/\/vegeta.com\/de\/wp-json\/wp\/v2\/types\/post"}],"author":[{"embeddable":true,"href":"https:\/\/vegeta.com\/de\/wp-json\/wp\/v2\/users\/3054"}],"replies":[{"embeddable":true,"href":"https:\/\/vegeta.com\/de\/wp-json\/wp\/v2\/comments?post=6758"}],"version-history":[{"count":1,"href":"https:\/\/vegeta.com\/de\/wp-json\/wp\/v2\/posts\/6758\/revisions"}],"predecessor-version":[{"id":6760,"href":"https:\/\/vegeta.com\/de\/wp-json\/wp\/v2\/posts\/6758\/revisions\/6760"}],"wp:featuredmedia":[{"embeddable":true,"href":"https:\/\/vegeta.com\/de\/wp-json\/wp\/v2\/media\/6759"}],"wp:attachment":[{"href":"https:\/\/vegeta.com\/de\/wp-json\/wp\/v2\/media?parent=6758"}],"wp:term":[{"taxonomy":"category","embeddable":true,"href":"https:\/\/vegeta.com\/de\/wp-json\/wp\/v2\/categories?post=6758"},{"taxonomy":"post_tag","embeddable":true,"href":"https:\/\/vegeta.com\/de\/wp-json\/wp\/v2\/tags?post=6758"}],"curies":[{"name":"wp","href":"https:\/\/api.w.org\/{rel}","templated":true}]}}